

{"id":236,"date":"2015-11-11T16:09:13","date_gmt":"2015-11-11T15:09:13","guid":{"rendered":"http:\/\/revedelune.com\/photographie\/?p=236"},"modified":"2018-07-17T10:54:21","modified_gmt":"2018-07-17T09:54:21","slug":"la-danse-cote-scene","status":"publish","type":"post","link":"https:\/\/revedelune.com\/photographie\/la-danse-cote-scene\/","title":{"rendered":"La danse c\u00f4t\u00e9 sc\u00e8ne"},"content":{"rendered":"<div class=\"flo-entry-content\"><section class=\"flo-gallery-shortcode grid-view grid-masonry gallery-3-columns\"><div class=\"gallery-shortcode-wrap js-masonry\"><div class=\" post-preview gallery-shortcode flo-3-columns\" ><a href=\"https:\/\/revedelune.com\/photographie\/wp-content\/uploads\/2015\/11\/photo-de-danse-43.jpg\"  class=\"no-lazy\"  data-fancybox-group=\"prettyPhoto[246]\"  title=\" \" ><img src=\"data:image\/gif;base64,R0lGODlhAQABAAAAACH5BAEKAAEALAAAAAABAAEAAAICTAEAOw==\" data-original=\"https:\/\/revedelune.com\/photographie\/wp-content\/uploads\/2015\/11\/photo-de-danse-43-599x900.jpg\" alt=\"photo-de-danse-43\"  \/><\/a><\/div><div class=\" post-preview gallery-shortcode flo-3-columns\" ><a href=\"https:\/\/revedelune.com\/photographie\/wp-content\/uploads\/2015\/11\/photo-de-danse-44.jpg\"  class=\"no-lazy\"  data-fancybox-group=\"prettyPhoto[246]\"  title=\" \" ><img src=\"data:image\/gif;base64,R0lGODlhAQABAAAAACH5BAEKAAEALAAAAAABAAEAAAICTAEAOw==\" data-original=\"https:\/\/revedelune.com\/photographie\/wp-content\/uploads\/2015\/11\/photo-de-danse-44.jpg\" alt=\"photo-de-danse-44\"  \/><\/a><\/div><div class=\" post-preview gallery-shortcode flo-3-columns\" ><a href=\"https:\/\/revedelune.com\/photographie\/wp-content\/uploads\/2015\/11\/photo-de-danse-45.jpg\"  class=\"no-lazy\"  data-fancybox-group=\"prettyPhoto[246]\"  title=\" \" ><img src=\"data:image\/gif;base64,R0lGODlhAQABAAAAACH5BAEKAAEALAAAAAABAAEAAAICTAEAOw==\" data-original=\"https:\/\/revedelune.com\/photographie\/wp-content\/uploads\/2015\/11\/photo-de-danse-45-600x900.jpg\" alt=\"photo-de-danse-45\"  \/><\/a><\/div><div class=\" post-preview gallery-shortcode flo-3-columns\" ><a href=\"https:\/\/revedelune.com\/photographie\/wp-content\/uploads\/2015\/11\/photo-de-danse-46.jpg\"  class=\"no-lazy\"  data-fancybox-group=\"prettyPhoto[246]\"  title=\" \" ><img src=\"data:image\/gif;base64,R0lGODlhAQABAAAAACH5BAEKAAEALAAAAAABAAEAAAICTAEAOw==\" data-original=\"https:\/\/revedelune.com\/photographie\/wp-content\/uploads\/2015\/11\/photo-de-danse-46-600x900.jpg\" alt=\"photo-de-danse-46\"  \/><\/a><\/div><div class=\" post-preview gallery-shortcode flo-3-columns\" ><a href=\"https:\/\/revedelune.com\/photographie\/wp-content\/uploads\/2015\/11\/photo-de-danse-47.jpg\"  class=\"no-lazy\"  data-fancybox-group=\"prettyPhoto[246]\"  title=\" \" ><img src=\"data:image\/gif;base64,R0lGODlhAQABAAAAACH5BAEKAAEALAAAAAABAAEAAAICTAEAOw==\" data-original=\"https:\/\/revedelune.com\/photographie\/wp-content\/uploads\/2015\/11\/photo-de-danse-47.jpg\" alt=\"photo-de-danse-47\"  \/><\/a><\/div><div class=\" post-preview gallery-shortcode flo-3-columns\" ><a href=\"https:\/\/revedelune.com\/photographie\/wp-content\/uploads\/2015\/11\/photo-de-danse-48.jpg\"  class=\"no-lazy\"  data-fancybox-group=\"prettyPhoto[246]\"  title=\" \" ><img src=\"data:image\/gif;base64,R0lGODlhAQABAAAAACH5BAEKAAEALAAAAAABAAEAAAICTAEAOw==\" data-original=\"https:\/\/revedelune.com\/photographie\/wp-content\/uploads\/2015\/11\/photo-de-danse-48-594x900.jpg\" alt=\"photo-de-danse-48\"  \/><\/a><\/div><div class=\" post-preview gallery-shortcode flo-3-columns\" ><a href=\"https:\/\/revedelune.com\/photographie\/wp-content\/uploads\/2015\/11\/photo-de-danse-49.jpg\"  class=\"no-lazy\"  data-fancybox-group=\"prettyPhoto[246]\"  title=\" \" ><img src=\"data:image\/gif;base64,R0lGODlhAQABAAAAACH5BAEKAAEALAAAAAABAAEAAAICTAEAOw==\" data-original=\"https:\/\/revedelune.com\/photographie\/wp-content\/uploads\/2015\/11\/photo-de-danse-49-611x900.jpg\" alt=\"photo-de-danse-49\"  \/><\/a><\/div><div class=\" post-preview gallery-shortcode flo-3-columns\" ><a href=\"https:\/\/revedelune.com\/photographie\/wp-content\/uploads\/2015\/11\/photo-de-danse-50.jpg\"  class=\"no-lazy\"  data-fancybox-group=\"prettyPhoto[246]\"  title=\" \" ><img src=\"data:image\/gif;base64,R0lGODlhAQABAAAAACH5BAEKAAEALAAAAAABAAEAAAICTAEAOw==\" data-original=\"https:\/\/revedelune.com\/photographie\/wp-content\/uploads\/2015\/11\/photo-de-danse-50-600x900.jpg\" alt=\"photo-de-danse-50\"  \/><\/a><\/div><\/div><\/section>\n\n<p style=\"text-align: center;\">Les photographies de danse par <a href=\"http:\/\/www.catherinedegoussencourt.com\" target=\"_blank\" rel=\"noopener\">Catherine de Goussencourt<\/a><\/p>\n<\/div>","protected":false},"excerpt":{"rendered":"<p>Les photographies de danse par Catherine de Goussencourt<\/p>\n","protected":false},"author":1,"featured_media":297,"comment_status":"closed","ping_status":"open","sticky":false,"template":"","format":"standard","meta":[],"categories":[6],"tags":[],"_links":{"self":[{"href":"https:\/\/revedelune.com\/photographie\/wp-json\/wp\/v2\/posts\/236"}],"collection":[{"href":"https:\/\/revedelune.com\/photographie\/wp-json\/wp\/v2\/posts"}],"about":[{"href":"https:\/\/revedelune.com\/photographie\/wp-json\/wp\/v2\/types\/post"}],"author":[{"embeddable":true,"href":"https:\/\/revedelune.com\/photographie\/wp-json\/wp\/v2\/users\/1"}],"replies":[{"embeddable":true,"href":"https:\/\/revedelune.com\/photographie\/wp-json\/wp\/v2\/comments?post=236"}],"version-history":[{"count":5,"href":"https:\/\/revedelune.com\/photographie\/wp-json\/wp\/v2\/posts\/236\/revisions"}],"predecessor-version":[{"id":895,"href":"https:\/\/revedelune.com\/photographie\/wp-json\/wp\/v2\/posts\/236\/revisions\/895"}],"wp:featuredmedia":[{"embeddable":true,"href":"https:\/\/revedelune.com\/photographie\/wp-json\/wp\/v2\/media\/297"}],"wp:attachment":[{"href":"https:\/\/revedelune.com\/photographie\/wp-json\/wp\/v2\/media?parent=236"}],"wp:term":[{"taxonomy":"category","embeddable":true,"href":"https:\/\/revedelune.com\/photographie\/wp-json\/wp\/v2\/categories?post=236"},{"taxonomy":"post_tag","embeddable":true,"href":"https:\/\/revedelune.com\/photographie\/wp-json\/wp\/v2\/tags?post=236"}],"curies":[{"name":"wp","href":"https:\/\/api.w.org\/{rel}","templated":true}]}}